{"id":4893,"date":"2016-05-14T20:27:54","date_gmt":"2016-05-15T01:27:54","guid":{"rendered":"http:\/\/4viento.info\/blog\/?p=4893"},"modified":"2016-05-14T20:27:54","modified_gmt":"2016-05-15T01:27:54","slug":"ven-al-temazcal-del-domingo-29-de-mayo-con-yoga","status":"publish","type":"post","link":"https:\/\/4viento.info\/blog\/ven-al-temazcal-del-domingo-29-de-mayo-con-yoga\/","title":{"rendered":"Ven al temazcal del domingo 29 de mayo con Yoga"},"content":{"rendered":"<h3 style=\"text-align: center;\"><a href=\"https:\/\/4viento.info\/blog\/?page_id=609\">Temazcal El Valle del \u00c1guila.<\/a><\/h3>\n<p><strong>Haremos temazcal ceremonial de cuatro puertas el domingo 29 de mayo de 2016. Es un viaje al vientre de la Madre Tierra, y ser\u00e1 un reencuentro con los ancestros y nuestra propia sabidur\u00eda, adem\u00e1s de ser una depuraci\u00f3n de nuestro cuerpo, nuestra mente y nuestras emociones.\u00a0 \u00a1No faltes!<br \/>\n<\/strong><\/p>\n<h3><iframe loading=\"lazy\" style=\"display: block; margin-left: auto; margin-right: auto;\" src=\"https:\/\/www.youtube.com\/embed\/0fS8zFJrN0U?rel=0&amp;\" width=\"220\" height=\"180\" frameborder=\"0\" allowfullscreen=\"allowfullscreen\"><\/iframe><\/h3>\n<h6 style=\"text-align: center;\"><span style=\"color: #000000;\"><strong>Im\u00e1genes del temazcal El Valle del \u00c1guila<\/strong><\/span><\/h6>\n<h3><span style=\"color: #ff6600;\">Programa:<\/span><\/h3>\n<p><strong>9:00<\/strong> Encendido ritual del Fuego Sagrado.<br \/>\n<strong>9:15<\/strong> Yoga<br \/>\n<strong>10:00<\/strong> Entrada al temazcal<\/p>\n<ul>\n<li>Sahumaci\u00f3n con humo de copal<\/li>\n<li>Temazcal ceremonial de 4 puertas. Tema: Huitzilopochtli y solsticio de invierno<\/li>\n<li>Sabidur\u00eda y Cantos Ancestrales<\/li>\n<li>Meditaciones<\/li>\n<li>Aromaterapia (Vapor de plantas medicinales)<\/li>\n<li>Catarsis y renacimiento<\/li>\n<li>Ba\u00f1o de agua fr\u00eda (opcional)<\/li>\n<\/ul>\n<p><strong>13:00\u00a0<\/strong> Descanso y comida.<\/p>\n<h3><span style=\"color: #ff6600;\">Llevar:<\/span><\/h3>\n<ul>\n<li><strong>toalla<\/strong><\/li>\n<li>Tapete de yoga<\/li>\n<li>Traje de ba\u00f1o o short y playera<\/li>\n<li>Ropa abrigadora<\/li>\n<li>Chanclas<\/li>\n<\/ul>\n<h3><span style=\"color: #ff6600;\">No llevar:<\/span><\/h3>\n<ul>\n<li>Joyas ni objetos valiosos<\/li>\n<li>Drogas o alcohol<\/li>\n<li>Nada considerado ilegal<\/li>\n<\/ul>\n<h3><span style=\"color: #ff6600;\">C\u00f3mo llegar<\/span><\/h3>\n<p style=\"text-align: justify;\"><span style=\"font-size: 12pt; font-family: arial,helvetica,sans-serif;\"><strong>Para llegar en cami\u00f3n.<\/strong> <\/span><\/p>\n<p style=\"text-align: justify;\"><span style=\"font-size: 12pt; font-family: arial,helvetica,sans-serif;\">Desde el metro Toreo (Cuatro Caminos), en el and\u00e9n C comprar boleto al barrio de La Rosa de los camiones a Ixtlahuaca. El cami\u00f3n hace como media hora desde el Toreo al barrio de La Rosa. Decirle al chofer que los baje en el puente PEATONAL (en la base de taxis) de La Rosa. Atravesar la carretera, ir por el camino pavimentado, pasar frente a la primaria Narciso Basols y mas adelante est\u00e1 un terreno grande de malla cicl\u00f3nica. Ah\u00ed es el temazcal.<\/span><\/p>\n<p style=\"text-align: justify;\"><strong>Para llegar en auto ver mapa:<\/strong><\/p>\n<p style=\"text-align: justify;\"><a href=\"https:\/\/4viento.info\/blog\/wp-content\/uploads\/2013\/08\/mapa-temazcal-la-rosa.jpg\"><img loading=\"lazy\" decoding=\"async\" class=\"size-medium wp-image-959 alignnone\" src=\"https:\/\/4viento.info\/blog\/wp-content\/uploads\/2013\/08\/mapa-temazcal-la-rosa-231x300.jpg\" alt=\"mapa temazcal la rosa\" width=\"231\" height=\"300\" srcset=\"https:\/\/4viento.info\/blog\/wp-content\/uploads\/2013\/08\/mapa-temazcal-la-rosa-231x300.jpg 231w, https:\/\/4viento.info\/blog\/wp-content\/uploads\/2013\/08\/mapa-temazcal-la-rosa-791x1024.jpg 791w, https:\/\/4viento.info\/blog\/wp-content\/uploads\/2013\/08\/mapa-temazcal-la-rosa.jpg 816w\" sizes=\"auto, (max-width: 231px) 100vw, 231px\" \/><\/a><\/p>\n<h3><\/h3>\n<h3><span style=\"color: #ff6600;\">Cooperaci\u00f3n:<\/span><\/h3>\n<ul>\n<li>Temazcal: 300 pesos por persona<\/li>\n<li>Comida (opcional): 60 pesos por persona<\/li>\n<li>Yoga: gratis<\/li>\n<\/ul>\n<h3><span style=\"color: #ff6600;\">Reservaciones:<\/span><\/h3>\n<p>No asistas sin reservar, para asegurar que hay lugares disponibles.<\/p>\n<p>Reserva llamando despu\u00e9s de las 2 p.m.<br \/>\n<strong>Celular y whatsapp: <\/strong><strong>5566935646<\/strong><\/p>\n<p>O escibiendo al <strong>email juan@4viento.info<\/strong><\/p>\n<p>&nbsp;<\/p>\n<h2><span style=\"color: #ff6600;\"><strong>Te esperamos!<\/strong><\/span><\/h2>\n<p><\/p>","protected":false},"excerpt":{"rendered":"<p>Temazcal El Valle del \u00c1guila. Haremos temazcal ceremonial de cuatro puertas el domingo 29 de mayo de 2016. Es un viaje al vientre de la Madre Tierra, y ser\u00e1 un reencuentro con los ancestros y nuestra propia sabidur\u00eda, adem\u00e1s de ser una depuraci\u00f3n de nuestro cuerpo, nuestra mente y nuestras [&hellip;]<\/p>\n","protected":false},"author":1,"featured_media":4866,"comment_status":"closed","ping_status":"closed","sticky":false,"template":"","format":"standard","meta":{"footnotes":""},"categories":[793],"tags":[],"class_list":["post-4893","post","type-post","status-publish","format-standard","has-post-thumbnail","hentry","category-c20-proximo-temazcal"],"aioseo_notices":[],"_links":{"self":[{"href":"https:\/\/4viento.info\/blog\/wp-json\/wp\/v2\/posts\/4893","targetHints":{"allow":["GET"]}}],"collection":[{"href":"https:\/\/4viento.info\/blog\/wp-json\/wp\/v2\/posts"}],"about":[{"href":"https:\/\/4viento.info\/blog\/wp-json\/wp\/v2\/types\/post"}],"author":[{"embeddable":true,"href":"https:\/\/4viento.info\/blog\/wp-json\/wp\/v2\/users\/1"}],"replies":[{"embeddable":true,"href":"https:\/\/4viento.info\/blog\/wp-json\/wp\/v2\/comments?post=4893"}],"version-history":[{"count":0,"href":"https:\/\/4viento.info\/blog\/wp-json\/wp\/v2\/posts\/4893\/revisions"}],"wp:featuredmedia":[{"embeddable":true,"href":"https:\/\/4viento.info\/blog\/wp-json\/wp\/v2\/media\/4866"}],"wp:attachment":[{"href":"https:\/\/4viento.info\/blog\/wp-json\/wp\/v2\/media?parent=4893"}],"wp:term":[{"taxonomy":"category","embeddable":true,"href":"https:\/\/4viento.info\/blog\/wp-json\/wp\/v2\/categories?post=4893"},{"taxonomy":"post_tag","embeddable":true,"href":"https:\/\/4viento.info\/blog\/wp-json\/wp\/v2\/tags?post=4893"}],"curies":[{"name":"wp","href":"https:\/\/api.w.org\/{rel}","templated":true}]}}